{"id":53099,"date":"2026-09-04T18:21:21","date_gmt":"2026-09-04T21:21:21","guid":{"rendered":"https:\/\/megaeletronicosjc.com.br\/?p=53099"},"modified":"2026-09-04T18:21:21","modified_gmt":"2026-09-04T21:21:21","slug":"eua-e-china-se-preparam-para-dialogo-sobre-seguranca-em-ia-em-meados-de-setembro","status":"publish","type":"post","link":"https:\/\/megaeletronicosjc.com.br\/index.php\/2026\/09\/04\/eua-e-china-se-preparam-para-dialogo-sobre-seguranca-em-ia-em-meados-de-setembro\/","title":{"rendered":"EUA e China se preparam para di\u00e1logo sobre seguran\u00e7a em IA\u00a0em meados de setembro"},"content":{"rendered":"<p>PEQUIM, 4 Set (Reuters)  &#8211; Os Estados Unidos e a China est\u00e3o se preparando para discutir os riscos de seguran\u00e7a da intelig\u00eancia artificial durante um di\u00e1logo planejado para meados de setembro, disseram \u00e0 Reuters duas fontes a par das discuss\u00f5es, em um momento em que as capacidades de IA de ponta, em r\u00e1pido avan\u00e7o, atingem um ponto de inflex\u00e3o global. PEQUIM, 4 Set (Reuters)  &#8211; Os Estados Unidos e a China est\u00e3o se preparando para discutir os riscos de seguran\u00e7a da intelig\u00eancia artificial durante um di\u00e1logo planejado para meados de setembro, disseram \u00e0 Reuters duas fontes a par das discuss\u00f5es, em um momento em que as capacidades de IA de ponta, em r\u00e1pido avan\u00e7o, atingem um ponto de inflex\u00e3o global.<br \/>\n<a href=\"https:\/\/www.uol.com.br\/tilt\/noticias\/reuters\/2026\/09\/04\/eua-e-china-se-preparam-para-dialogo-sobre-seguranca-em-iaem-meados-de-setembro.htm\" target=\"_blank\" rel=\"noopener noreferrer\">Read More<\/a><\/p>\n","protected":false},"excerpt":{"rendered":"<p>PEQUIM, 4 Set (Reuters) &#8211; Os Estados Unidos e a China est\u00e3o se preparando para discutir os riscos de seguran\u00e7a da intelig\u00eancia artificial durante um di\u00e1logo planejado para meados de setembro, disseram \u00e0 Reuters duas fontes a par das discuss\u00f5es, em um momento em que as capacidades de IA de ponta, em r\u00e1pido avan\u00e7o, atingem [&hellip;]<\/p>\n","protected":false},"author":0,"featured_media":0,"comment_status":"open","ping_status":"open","sticky":false,"template":"","format":"standard","meta":[],"categories":[74],"tags":[],"nelio_content":{"isAutoShareEnabled":true,"followers":[],"suggestedReferences":[],"includedReferences":[],"efiUrl":"","efiAlt":""},"_links":{"self":[{"href":"https:\/\/megaeletronicosjc.com.br\/index.php\/wp-json\/wp\/v2\/posts\/53099"}],"collection":[{"href":"https:\/\/megaeletronicosjc.com.br\/index.php\/wp-json\/wp\/v2\/posts"}],"about":[{"href":"https:\/\/megaeletronicosjc.com.br\/index.php\/wp-json\/wp\/v2\/types\/post"}],"replies":[{"embeddable":true,"href":"https:\/\/megaeletronicosjc.com.br\/index.php\/wp-json\/wp\/v2\/comments?post=53099"}],"version-history":[{"count":0,"href":"https:\/\/megaeletronicosjc.com.br\/index.php\/wp-json\/wp\/v2\/posts\/53099\/revisions"}],"wp:attachment":[{"href":"https:\/\/megaeletronicosjc.com.br\/index.php\/wp-json\/wp\/v2\/media?parent=53099"}],"wp:term":[{"taxonomy":"category","embeddable":true,"href":"https:\/\/megaeletronicosjc.com.br\/index.php\/wp-json\/wp\/v2\/categories?post=53099"},{"taxonomy":"post_tag","embeddable":true,"href":"https:\/\/megaeletronicosjc.com.br\/index.php\/wp-json\/wp\/v2\/tags?post=53099"}],"curies":[{"name":"wp","href":"https:\/\/api.w.org\/{rel}","templated":true}]}}