{"id":53072,"date":"2026-09-03T12:49:06","date_gmt":"2026-09-03T15:49:06","guid":{"rendered":"https:\/\/megaeletronicosjc.com.br\/?p=53072"},"modified":"2026-09-03T12:49:06","modified_gmt":"2026-09-03T15:49:06","slug":"um-em-cada-5-adolescentes-no-brasil-sofre-abuso-sexual-na-internet","status":"publish","type":"post","link":"https:\/\/megaeletronicosjc.com.br\/index.php\/2026\/09\/03\/um-em-cada-5-adolescentes-no-brasil-sofre-abuso-sexual-na-internet\/","title":{"rendered":"Um em cada 5 adolescentes no Brasil sofre abuso sexual na internet"},"content":{"rendered":"<p>m em cinco adolescentes entre 12 e 17 anos no Brasil j\u00e1 foi v\u00edtima de abuso ou explora\u00e7\u00e3o sexual facilitado pela tecnologia, segundo um relat\u00f3rio do Fundo das Na\u00e7\u00f5es Unidas para a Inf\u00e2ncia (Unicef) p&#8230; <img src=\"https:\/\/conteudo.imguol.com.br\/c\/noticias\/76\/2025\/09\/10\/logotipo-do-facebook-empresa-da-meta-proximo-ao-logo-do-tiktok-1757518224328_v2_142x100.jpg\" align=\"left\"> m em cinco adolescentes entre 12 e 17 anos no Brasil j\u00e1 foi v\u00edtima de abuso ou explora\u00e7\u00e3o sexual facilitado pela tecnologia, segundo um relat\u00f3rio do Fundo das Na\u00e7\u00f5es Unidas para a Inf\u00e2ncia (Unicef) p&#8230;<br \/>\n<a href=\"https:\/\/noticias.uol.com.br\/ultimas-noticias\/deutschewelle\/2026\/09\/03\/um-adolescente-em-5-no-brasil-sofre-abuso-sexual-na-internet.htm\" target=\"_blank\" rel=\"noopener noreferrer\">Read More<\/a><\/p>\n","protected":false},"excerpt":{"rendered":"<p>m em cinco adolescentes entre 12 e 17 anos no Brasil j\u00e1 foi v\u00edtima de abuso ou explora\u00e7\u00e3o sexual facilitado pela tecnologia, segundo um relat\u00f3rio do Fundo das Na\u00e7\u00f5es Unidas para a Inf\u00e2ncia (Unicef) p&#8230; m em cinco adolescentes entre 12 e 17 anos no Brasil j\u00e1 foi v\u00edtima de abuso ou explora\u00e7\u00e3o sexual facilitado [&hellip;]<\/p>\n","protected":false},"author":0,"featured_media":0,"comment_status":"open","ping_status":"open","sticky":false,"template":"","format":"standard","meta":[],"categories":[74],"tags":[],"nelio_content":{"isAutoShareEnabled":true,"followers":[],"suggestedReferences":[],"includedReferences":[],"efiUrl":"","efiAlt":""},"_links":{"self":[{"href":"https:\/\/megaeletronicosjc.com.br\/index.php\/wp-json\/wp\/v2\/posts\/53072"}],"collection":[{"href":"https:\/\/megaeletronicosjc.com.br\/index.php\/wp-json\/wp\/v2\/posts"}],"about":[{"href":"https:\/\/megaeletronicosjc.com.br\/index.php\/wp-json\/wp\/v2\/types\/post"}],"replies":[{"embeddable":true,"href":"https:\/\/megaeletronicosjc.com.br\/index.php\/wp-json\/wp\/v2\/comments?post=53072"}],"version-history":[{"count":0,"href":"https:\/\/megaeletronicosjc.com.br\/index.php\/wp-json\/wp\/v2\/posts\/53072\/revisions"}],"wp:attachment":[{"href":"https:\/\/megaeletronicosjc.com.br\/index.php\/wp-json\/wp\/v2\/media?parent=53072"}],"wp:term":[{"taxonomy":"category","embeddable":true,"href":"https:\/\/megaeletronicosjc.com.br\/index.php\/wp-json\/wp\/v2\/categories?post=53072"},{"taxonomy":"post_tag","embeddable":true,"href":"https:\/\/megaeletronicosjc.com.br\/index.php\/wp-json\/wp\/v2\/tags?post=53072"}],"curies":[{"name":"wp","href":"https:\/\/api.w.org\/{rel}","templated":true}]}}