{"id":53049,"date":"2026-09-02T17:51:49","date_gmt":"2026-09-02T20:51:49","guid":{"rendered":"https:\/\/megaeletronicosjc.com.br\/?p=53049"},"modified":"2026-09-02T17:51:49","modified_gmt":"2026-09-02T20:51:49","slug":"uber-demitira-10-dos-funcionarios-no-maior-corte-desde-a-pandemia-de-covid-19","status":"publish","type":"post","link":"https:\/\/megaeletronicosjc.com.br\/index.php\/2026\/09\/02\/uber-demitira-10-dos-funcionarios-no-maior-corte-desde-a-pandemia-de-covid-19\/","title":{"rendered":"Uber demitir\u00e1 10% dos funcion\u00e1rios no maior corte desde a pandemia de Covid-19"},"content":{"rendered":"<p>2 Set (Reuters) &#8211; A Uber Technologies\u00a0  vai demitir cerca de 3.300 funcion\u00e1rios, ou 10% do seu quadro de pessoal, no maior corte desde o in\u00edcio da pandemia de\u00a0Covid-19, para\u00a0 lidar\u00a0melhor com o crescimento dos ?robot\u00e1xis que amea\u00e7am o seu neg\u00f3cio de transporte por aplicativo. 2 Set (Reuters) &#8211; A Uber Technologies\u00a0  vai demitir cerca de 3.300 funcion\u00e1rios, ou 10% do seu quadro de pessoal, no maior corte desde o in\u00edcio da pandemia de\u00a0Covid-19, para\u00a0 lidar\u00a0melhor com o crescimento dos ?robot\u00e1xis que amea\u00e7am o seu neg\u00f3cio de transporte por aplicativo.<br \/>\n<a href=\"https:\/\/www.uol.com.br\/tilt\/noticias\/reuters\/2026\/09\/02\/uber-demitira-10-dos-funcionarios-no-maior-corte-desde-a-pandemia-de-covid-19.htm\" target=\"_blank\" rel=\"noopener noreferrer\">Read More<\/a><\/p>\n","protected":false},"excerpt":{"rendered":"<p>2 Set (Reuters) &#8211; A Uber Technologies\u00a0 vai demitir cerca de 3.300 funcion\u00e1rios, ou 10% do seu quadro de pessoal, no maior corte desde o in\u00edcio da pandemia de\u00a0Covid-19, para\u00a0 lidar\u00a0melhor com o crescimento dos ?robot\u00e1xis que amea\u00e7am o seu neg\u00f3cio de transporte por aplicativo. 2 Set (Reuters) &#8211; A Uber Technologies\u00a0 vai demitir cerca [&hellip;]<\/p>\n","protected":false},"author":0,"featured_media":0,"comment_status":"open","ping_status":"open","sticky":false,"template":"","format":"standard","meta":[],"categories":[74],"tags":[],"nelio_content":{"isAutoShareEnabled":true,"followers":[],"suggestedReferences":[],"includedReferences":[],"efiUrl":"","efiAlt":""},"_links":{"self":[{"href":"https:\/\/megaeletronicosjc.com.br\/index.php\/wp-json\/wp\/v2\/posts\/53049"}],"collection":[{"href":"https:\/\/megaeletronicosjc.com.br\/index.php\/wp-json\/wp\/v2\/posts"}],"about":[{"href":"https:\/\/megaeletronicosjc.com.br\/index.php\/wp-json\/wp\/v2\/types\/post"}],"replies":[{"embeddable":true,"href":"https:\/\/megaeletronicosjc.com.br\/index.php\/wp-json\/wp\/v2\/comments?post=53049"}],"version-history":[{"count":0,"href":"https:\/\/megaeletronicosjc.com.br\/index.php\/wp-json\/wp\/v2\/posts\/53049\/revisions"}],"wp:attachment":[{"href":"https:\/\/megaeletronicosjc.com.br\/index.php\/wp-json\/wp\/v2\/media?parent=53049"}],"wp:term":[{"taxonomy":"category","embeddable":true,"href":"https:\/\/megaeletronicosjc.com.br\/index.php\/wp-json\/wp\/v2\/categories?post=53049"},{"taxonomy":"post_tag","embeddable":true,"href":"https:\/\/megaeletronicosjc.com.br\/index.php\/wp-json\/wp\/v2\/tags?post=53049"}],"curies":[{"name":"wp","href":"https:\/\/api.w.org\/{rel}","templated":true}]}}