{"id":53042,"date":"2026-09-02T14:04:35","date_gmt":"2026-09-02T17:04:35","guid":{"rendered":"https:\/\/megaeletronicosjc.com.br\/?p=53042"},"modified":"2026-09-02T14:04:35","modified_gmt":"2026-09-02T17:04:35","slug":"sob-nova-direcao-apple-mantera-prestigio-na-era-da-ia","status":"publish","type":"post","link":"https:\/\/megaeletronicosjc.com.br\/index.php\/2026\/09\/02\/sob-nova-direcao-apple-mantera-prestigio-na-era-da-ia\/","title":{"rendered":"Sob nova dire\u00e7\u00e3o, Apple manter\u00e1 prest\u00edgio na era da IA?"},"content":{"rendered":"<p>Em 1\u00ba de setembro, come\u00e7a uma nova era na Apple, com John Ternus se tornando o terceiro homem a ocupar o cargo de CEO da gigante da tecnologia desde 1997. <img src=\"https:\/\/conteudo.imguol.com.br\/c\/noticias\/b1\/2026\/09\/02\/john-ternus-esq-tera-a-missao-de-substituir-tim-cook-no-comando-da-apple-1788355186763_v2_142x100.jpg\" align=\"left\">  Em 1\u00ba de setembro, come\u00e7a uma nova era na Apple, com John Ternus se tornando o terceiro homem a ocupar o cargo de CEO da gigante da tecnologia desde 1997.<br \/>\n<a href=\"https:\/\/www.uol.com.br\/tilt\/ultimas-noticias\/deutschewelle\/2026\/09\/02\/sob-nova-direcao-apple-mantera-prestigio-na-era-da-ia.htm\" target=\"_blank\" rel=\"noopener noreferrer\">Read More<\/a><\/p>\n","protected":false},"excerpt":{"rendered":"<p>Em 1\u00ba de setembro, come\u00e7a uma nova era na Apple, com John Ternus se tornando o terceiro homem a ocupar o cargo de CEO da gigante da tecnologia desde 1997. Em 1\u00ba de setembro, come\u00e7a uma nova era na Apple, com John Ternus se tornando o terceiro homem a ocupar o cargo de CEO da [&hellip;]<\/p>\n","protected":false},"author":0,"featured_media":0,"comment_status":"open","ping_status":"open","sticky":false,"template":"","format":"standard","meta":[],"categories":[74],"tags":[],"nelio_content":{"isAutoShareEnabled":true,"followers":[],"suggestedReferences":[],"includedReferences":[],"efiUrl":"","efiAlt":""},"_links":{"self":[{"href":"https:\/\/megaeletronicosjc.com.br\/index.php\/wp-json\/wp\/v2\/posts\/53042"}],"collection":[{"href":"https:\/\/megaeletronicosjc.com.br\/index.php\/wp-json\/wp\/v2\/posts"}],"about":[{"href":"https:\/\/megaeletronicosjc.com.br\/index.php\/wp-json\/wp\/v2\/types\/post"}],"replies":[{"embeddable":true,"href":"https:\/\/megaeletronicosjc.com.br\/index.php\/wp-json\/wp\/v2\/comments?post=53042"}],"version-history":[{"count":0,"href":"https:\/\/megaeletronicosjc.com.br\/index.php\/wp-json\/wp\/v2\/posts\/53042\/revisions"}],"wp:attachment":[{"href":"https:\/\/megaeletronicosjc.com.br\/index.php\/wp-json\/wp\/v2\/media?parent=53042"}],"wp:term":[{"taxonomy":"category","embeddable":true,"href":"https:\/\/megaeletronicosjc.com.br\/index.php\/wp-json\/wp\/v2\/categories?post=53042"},{"taxonomy":"post_tag","embeddable":true,"href":"https:\/\/megaeletronicosjc.com.br\/index.php\/wp-json\/wp\/v2\/tags?post=53042"}],"curies":[{"name":"wp","href":"https:\/\/api.w.org\/{rel}","templated":true}]}}