{"id":53039,"date":"2026-09-02T13:06:15","date_gmt":"2026-09-02T16:06:15","guid":{"rendered":"https:\/\/megaeletronicosjc.com.br\/?p=53039"},"modified":"2026-09-02T13:06:15","modified_gmt":"2026-09-02T16:06:15","slug":"nova-york-proibe-uso-de-ia-por-alunos-mais-novos-e-limita-telas-nas-escolas","status":"publish","type":"post","link":"https:\/\/megaeletronicosjc.com.br\/index.php\/2026\/09\/02\/nova-york-proibe-uso-de-ia-por-alunos-mais-novos-e-limita-telas-nas-escolas\/","title":{"rendered":"Nova York pro\u00edbe uso de IA por alunos mais novos e limita telas nas escolas"},"content":{"rendered":"<p>Nova York vai restringir o uso de intelig\u00eancia artificial e de telas nas escolas p\u00fablicas, com proibi\u00e7\u00e3o para alunos mais novos e limites de tempo de tela. <img src=\"https:\/\/conteudo.imguol.com.br\/c\/noticias\/8e\/2026\/07\/30\/garota-usando-assistente-de-inteligencia-artificial-em-sala-de-aula-1785410784800_v2_142x100.jpg\" align=\"left\">  Nova York vai restringir o uso de intelig\u00eancia artificial e de telas nas escolas p\u00fablicas, com proibi\u00e7\u00e3o para alunos mais novos e limites de tempo de tela.<br \/>\n<a href=\"https:\/\/www.uol.com.br\/tilt\/noticias\/redacao\/2026\/09\/02\/nova-york-proibe-uso-de-ia-por-alunos-mais-novos-e-limita-telas-nas-escolas.ghtm\" target=\"_blank\" rel=\"noopener noreferrer\">Read More<\/a><\/p>\n","protected":false},"excerpt":{"rendered":"<p>Nova York vai restringir o uso de intelig\u00eancia artificial e de telas nas escolas p\u00fablicas, com proibi\u00e7\u00e3o para alunos mais novos e limites de tempo de tela. Nova York vai restringir o uso de intelig\u00eancia artificial e de telas nas escolas p\u00fablicas, com proibi\u00e7\u00e3o para alunos mais novos e limites de tempo de tela. Read [&hellip;]<\/p>\n","protected":false},"author":0,"featured_media":0,"comment_status":"open","ping_status":"open","sticky":false,"template":"","format":"standard","meta":[],"categories":[74],"tags":[],"nelio_content":{"isAutoShareEnabled":true,"followers":[],"suggestedReferences":[],"includedReferences":[],"efiUrl":"","efiAlt":""},"_links":{"self":[{"href":"https:\/\/megaeletronicosjc.com.br\/index.php\/wp-json\/wp\/v2\/posts\/53039"}],"collection":[{"href":"https:\/\/megaeletronicosjc.com.br\/index.php\/wp-json\/wp\/v2\/posts"}],"about":[{"href":"https:\/\/megaeletronicosjc.com.br\/index.php\/wp-json\/wp\/v2\/types\/post"}],"replies":[{"embeddable":true,"href":"https:\/\/megaeletronicosjc.com.br\/index.php\/wp-json\/wp\/v2\/comments?post=53039"}],"version-history":[{"count":0,"href":"https:\/\/megaeletronicosjc.com.br\/index.php\/wp-json\/wp\/v2\/posts\/53039\/revisions"}],"wp:attachment":[{"href":"https:\/\/megaeletronicosjc.com.br\/index.php\/wp-json\/wp\/v2\/media?parent=53039"}],"wp:term":[{"taxonomy":"category","embeddable":true,"href":"https:\/\/megaeletronicosjc.com.br\/index.php\/wp-json\/wp\/v2\/categories?post=53039"},{"taxonomy":"post_tag","embeddable":true,"href":"https:\/\/megaeletronicosjc.com.br\/index.php\/wp-json\/wp\/v2\/tags?post=53039"}],"curies":[{"name":"wp","href":"https:\/\/api.w.org\/{rel}","templated":true}]}}