{"id":53015,"date":"2026-09-01T01:34:41","date_gmt":"2026-09-01T04:34:41","guid":{"rendered":"https:\/\/megaeletronicosjc.com.br\/?p=53015"},"modified":"2026-09-01T01:34:41","modified_gmt":"2026-09-01T04:34:41","slug":"amazon-e-processada-nos-eua-por-praticas-de-vendas-de-anuncios","status":"publish","type":"post","link":"https:\/\/megaeletronicosjc.com.br\/index.php\/2026\/09\/01\/amazon-e-processada-nos-eua-por-praticas-de-vendas-de-anuncios\/","title":{"rendered":"Amazon \u00e9 processada nos EUA por pr\u00e1ticas de vendas de an\u00fancios"},"content":{"rendered":"<p>A Comiss\u00e3o Federal de Com\u00e9rcio dos EUA alegou em uma a\u00e7\u00e3o judicial apresentada em um tribunal federal hoje que a Amazon aumentou ilegalmente os pre\u00e7os para anunciantes, elevando sorrateiramente o pre\u00e7o m\u00ednimo exigido para veicular an\u00fancios que promovem seus produtos. <img src=\"https:\/\/conteudo.imguol.com.br\/c\/noticias\/56\/2026\/07\/22\/uma-caixa-da-amazon-e-transportada-por-uma-esteira-transportadora-no-centro-de-distribuicao-da-amazon-em-robbinsville-nova-jersey-eua-em-1-de-dezembro-de-2025-1784736571095_v2_142x100.jpg\" align=\"left\">  A Comiss\u00e3o Federal de Com\u00e9rcio dos EUA alegou em uma a\u00e7\u00e3o judicial apresentada em um tribunal federal hoje que a Amazon aumentou ilegalmente os pre\u00e7os para anunciantes, elevando sorrateiramente o pre\u00e7o m\u00ednimo exigido para veicular an\u00fancios que promovem seus produtos.<br \/>\n<a href=\"https:\/\/www.uol.com.br\/tilt\/noticias\/reuters\/2026\/08\/31\/amazon-e-processada-nos-eua-por-praticas-de-vendas-de-anuncios.htm\" target=\"_blank\" rel=\"noopener noreferrer\">Read More<\/a><\/p>\n","protected":false},"excerpt":{"rendered":"<p>A Comiss\u00e3o Federal de Com\u00e9rcio dos EUA alegou em uma a\u00e7\u00e3o judicial apresentada em um tribunal federal hoje que a Amazon aumentou ilegalmente os pre\u00e7os para anunciantes, elevando sorrateiramente o pre\u00e7o m\u00ednimo exigido para veicular an\u00fancios que promovem seus produtos. A Comiss\u00e3o Federal de Com\u00e9rcio dos EUA alegou em uma a\u00e7\u00e3o judicial apresentada em um [&hellip;]<\/p>\n","protected":false},"author":0,"featured_media":0,"comment_status":"open","ping_status":"open","sticky":false,"template":"","format":"standard","meta":[],"categories":[74],"tags":[],"nelio_content":{"isAutoShareEnabled":true,"followers":[],"suggestedReferences":[],"includedReferences":[],"efiUrl":"","efiAlt":""},"_links":{"self":[{"href":"https:\/\/megaeletronicosjc.com.br\/index.php\/wp-json\/wp\/v2\/posts\/53015"}],"collection":[{"href":"https:\/\/megaeletronicosjc.com.br\/index.php\/wp-json\/wp\/v2\/posts"}],"about":[{"href":"https:\/\/megaeletronicosjc.com.br\/index.php\/wp-json\/wp\/v2\/types\/post"}],"replies":[{"embeddable":true,"href":"https:\/\/megaeletronicosjc.com.br\/index.php\/wp-json\/wp\/v2\/comments?post=53015"}],"version-history":[{"count":0,"href":"https:\/\/megaeletronicosjc.com.br\/index.php\/wp-json\/wp\/v2\/posts\/53015\/revisions"}],"wp:attachment":[{"href":"https:\/\/megaeletronicosjc.com.br\/index.php\/wp-json\/wp\/v2\/media?parent=53015"}],"wp:term":[{"taxonomy":"category","embeddable":true,"href":"https:\/\/megaeletronicosjc.com.br\/index.php\/wp-json\/wp\/v2\/categories?post=53015"},{"taxonomy":"post_tag","embeddable":true,"href":"https:\/\/megaeletronicosjc.com.br\/index.php\/wp-json\/wp\/v2\/tags?post=53015"}],"curies":[{"name":"wp","href":"https:\/\/api.w.org\/{rel}","templated":true}]}}