{"id":53014,"date":"2026-08-31T20:06:22","date_gmt":"2026-08-31T23:06:22","guid":{"rendered":"https:\/\/megaeletronicosjc.com.br\/?p=53014"},"modified":"2026-08-31T20:06:22","modified_gmt":"2026-08-31T23:06:22","slug":"alerta-no-instagram-contas-de-ia-sem-selo-vao-sumir-de-recomendacoes","status":"publish","type":"post","link":"https:\/\/megaeletronicosjc.com.br\/index.php\/2026\/08\/31\/alerta-no-instagram-contas-de-ia-sem-selo-vao-sumir-de-recomendacoes\/","title":{"rendered":"Alerta no Instagram: Contas de IA sem selo v\u00e3o sumir de recomenda\u00e7\u00f5es"},"content":{"rendered":"<p>O Instagram vai mudar o r\u00f3tulo de contas criadas com intelig\u00eancia artificial e promete reduzir o alcance de perfis que n\u00e3o se identificarem. <img src=\"https:\/\/conteudo.imguol.com.br\/c\/noticias\/53\/2026\/08\/31\/instagram-vai-rotular-perfis-criados-com-ia-quem-produzir-conteudo-sintetico-e-nao-identificar-podera-sumir-das-recomendacoes-1788203030616_v2_142x100.png\" align=\"left\">  O Instagram vai mudar o r\u00f3tulo de contas criadas com intelig\u00eancia artificial e promete reduzir o alcance de perfis que n\u00e3o se identificarem.<br \/>\n<a href=\"https:\/\/www.uol.com.br\/tilt\/noticias\/redacao\/2026\/08\/31\/instagram-vai-comecar-a-punir-quem-cria-conteudo-com-ia-e-nao-identifica.ghtm\" target=\"_blank\" rel=\"noopener noreferrer\">Read More<\/a><\/p>\n","protected":false},"excerpt":{"rendered":"<p>O Instagram vai mudar o r\u00f3tulo de contas criadas com intelig\u00eancia artificial e promete reduzir o alcance de perfis que n\u00e3o se identificarem. O Instagram vai mudar o r\u00f3tulo de contas criadas com intelig\u00eancia artificial e promete reduzir o alcance de perfis que n\u00e3o se identificarem. Read More<\/p>\n","protected":false},"author":0,"featured_media":0,"comment_status":"open","ping_status":"open","sticky":false,"template":"","format":"standard","meta":[],"categories":[74],"tags":[],"nelio_content":{"isAutoShareEnabled":true,"followers":[],"suggestedReferences":[],"includedReferences":[],"efiUrl":"","efiAlt":""},"_links":{"self":[{"href":"https:\/\/megaeletronicosjc.com.br\/index.php\/wp-json\/wp\/v2\/posts\/53014"}],"collection":[{"href":"https:\/\/megaeletronicosjc.com.br\/index.php\/wp-json\/wp\/v2\/posts"}],"about":[{"href":"https:\/\/megaeletronicosjc.com.br\/index.php\/wp-json\/wp\/v2\/types\/post"}],"replies":[{"embeddable":true,"href":"https:\/\/megaeletronicosjc.com.br\/index.php\/wp-json\/wp\/v2\/comments?post=53014"}],"version-history":[{"count":0,"href":"https:\/\/megaeletronicosjc.com.br\/index.php\/wp-json\/wp\/v2\/posts\/53014\/revisions"}],"wp:attachment":[{"href":"https:\/\/megaeletronicosjc.com.br\/index.php\/wp-json\/wp\/v2\/media?parent=53014"}],"wp:term":[{"taxonomy":"category","embeddable":true,"href":"https:\/\/megaeletronicosjc.com.br\/index.php\/wp-json\/wp\/v2\/categories?post=53014"},{"taxonomy":"post_tag","embeddable":true,"href":"https:\/\/megaeletronicosjc.com.br\/index.php\/wp-json\/wp\/v2\/tags?post=53014"}],"curies":[{"name":"wp","href":"https:\/\/api.w.org\/{rel}","templated":true}]}}