{"id":51258,"date":"2026-04-30T22:25:07","date_gmt":"2026-05-01T01:25:07","guid":{"rendered":"https:\/\/megaeletronicosjc.com.br\/?p=51258"},"modified":"2026-04-30T22:25:07","modified_gmt":"2026-05-01T01:25:07","slug":"por-investimento-em-ia-zuckerberg-nao-descarta-novas-demissoes-em-massa-na-meta","status":"publish","type":"post","link":"https:\/\/megaeletronicosjc.com.br\/index.php\/2026\/04\/30\/por-investimento-em-ia-zuckerberg-nao-descarta-novas-demissoes-em-massa-na-meta\/","title":{"rendered":"Por investimento em IA, Zuckerberg n\u00e3o descarta novas demiss\u00f5es em massa na Meta"},"content":{"rendered":"<p>O presidente-executivo da Meta, Mark Zuckerberg, atribuiu demiss\u00f5es em massa planejadas da controladora do Facebook ao aumento de investimentos em intelig\u00eancia artificial e se recusou a descartar novos cortes de pessoal, em coment\u00e1rios aos funcion\u00e1rios feitos hoje em uma reuni\u00e3o da empresa. <img src=\"https:\/\/conteudo.imguol.com.br\/c\/noticias\/51\/2025\/10\/23\/meta-ai-mark-zuckerberg-1761235063254_v2_142x100.png\" align=\"left\">  O presidente-executivo da Meta, Mark Zuckerberg, atribuiu demiss\u00f5es em massa planejadas da controladora do Facebook ao aumento de investimentos em intelig\u00eancia artificial e se recusou a descartar novos cortes de pessoal, em coment\u00e1rios aos funcion\u00e1rios feitos hoje em uma reuni\u00e3o da empresa.<br \/>\n<a href=\"https:\/\/www.uol.com.br\/tilt\/noticias\/reuters\/2026\/04\/30\/presidente-da-meta-atribui-demissoes-em-massa-a-investimento-em-ia-e-nao-descarta-novos-cortes.htm\" target=\"_blank\" rel=\"noopener noreferrer\">Read More<\/a><\/p>\n","protected":false},"excerpt":{"rendered":"<p>O presidente-executivo da Meta, Mark Zuckerberg, atribuiu demiss\u00f5es em massa planejadas da controladora do Facebook ao aumento de investimentos em intelig\u00eancia artificial e se recusou a descartar novos cortes de pessoal, em coment\u00e1rios aos funcion\u00e1rios feitos hoje em uma reuni\u00e3o da empresa. O presidente-executivo da Meta, Mark Zuckerberg, atribuiu demiss\u00f5es em massa planejadas da controladora [&hellip;]<\/p>\n","protected":false},"author":0,"featured_media":0,"comment_status":"open","ping_status":"open","sticky":false,"template":"","format":"standard","meta":[],"categories":[74],"tags":[],"nelio_content":{"isAutoShareEnabled":true,"followers":[],"suggestedReferences":[],"includedReferences":[],"efiUrl":"","efiAlt":""},"_links":{"self":[{"href":"https:\/\/megaeletronicosjc.com.br\/index.php\/wp-json\/wp\/v2\/posts\/51258"}],"collection":[{"href":"https:\/\/megaeletronicosjc.com.br\/index.php\/wp-json\/wp\/v2\/posts"}],"about":[{"href":"https:\/\/megaeletronicosjc.com.br\/index.php\/wp-json\/wp\/v2\/types\/post"}],"replies":[{"embeddable":true,"href":"https:\/\/megaeletronicosjc.com.br\/index.php\/wp-json\/wp\/v2\/comments?post=51258"}],"version-history":[{"count":0,"href":"https:\/\/megaeletronicosjc.com.br\/index.php\/wp-json\/wp\/v2\/posts\/51258\/revisions"}],"wp:attachment":[{"href":"https:\/\/megaeletronicosjc.com.br\/index.php\/wp-json\/wp\/v2\/media?parent=51258"}],"wp:term":[{"taxonomy":"category","embeddable":true,"href":"https:\/\/megaeletronicosjc.com.br\/index.php\/wp-json\/wp\/v2\/categories?post=51258"},{"taxonomy":"post_tag","embeddable":true,"href":"https:\/\/megaeletronicosjc.com.br\/index.php\/wp-json\/wp\/v2\/tags?post=51258"}],"curies":[{"name":"wp","href":"https:\/\/api.w.org\/{rel}","templated":true}]}}