{"id":51251,"date":"2026-04-30T18:28:35","date_gmt":"2026-04-30T21:28:35","guid":{"rendered":"https:\/\/megaeletronicosjc.com.br\/?p=51251"},"modified":"2026-04-30T18:28:35","modified_gmt":"2026-04-30T21:28:35","slug":"hacker-de-15-anos-e-detido-apos-vazar-dados-de-12-milhoes-da-franca","status":"publish","type":"post","link":"https:\/\/megaeletronicosjc.com.br\/index.php\/2026\/04\/30\/hacker-de-15-anos-e-detido-apos-vazar-dados-de-12-milhoes-da-franca\/","title":{"rendered":"Hacker de 15 anos \u00e9 detido ap\u00f3s vazar dados de 12 milh\u00f5es da Fran\u00e7a"},"content":{"rendered":"<p>Um adolescente de 15 anos foi detido no \u00e2mbito da investiga\u00e7\u00e3o de um ciberataque ao site da Ag\u00eancia Nacional para a Seguran\u00e7a dos Documentos (ANTS), respons\u00e1vel pela emiss\u00e3o de carteiras de identidade e de habilita\u00e7\u00e3o na Fran\u00e7a, que levou ao vazamento de dados de milh\u00f5es de cidad\u00e3os. <img src=\"https:\/\/conteudo.imguol.com.br\/c\/noticias\/f2\/2025\/02\/24\/maos-de-hacker-usando-teclado-1740421820717_v2_142x100.jpg\" align=\"left\">  Um adolescente de 15 anos foi detido no \u00e2mbito da investiga\u00e7\u00e3o de um ciberataque ao site da Ag\u00eancia Nacional para a Seguran\u00e7a dos Documentos (ANTS), respons\u00e1vel pela emiss\u00e3o de carteiras de identidade e de habilita\u00e7\u00e3o na Fran\u00e7a, que levou ao vazamento de dados de milh\u00f5es de cidad\u00e3os.<br \/>\n<a href=\"https:\/\/www.uol.com.br\/tilt\/ultimas-noticias\/rfi\/2026\/04\/30\/hacker-de-15-anos-e-detido-apos-vazar-dados-de-12-milhoes-da-franca.htm\" target=\"_blank\" rel=\"noopener noreferrer\">Read More<\/a><\/p>\n","protected":false},"excerpt":{"rendered":"<p>Um adolescente de 15 anos foi detido no \u00e2mbito da investiga\u00e7\u00e3o de um ciberataque ao site da Ag\u00eancia Nacional para a Seguran\u00e7a dos Documentos (ANTS), respons\u00e1vel pela emiss\u00e3o de carteiras de identidade e de habilita\u00e7\u00e3o na Fran\u00e7a, que levou ao vazamento de dados de milh\u00f5es de cidad\u00e3os. Um adolescente de 15 anos foi detido no [&hellip;]<\/p>\n","protected":false},"author":0,"featured_media":0,"comment_status":"open","ping_status":"open","sticky":false,"template":"","format":"standard","meta":[],"categories":[74],"tags":[],"nelio_content":{"isAutoShareEnabled":true,"followers":[],"suggestedReferences":[],"includedReferences":[],"efiUrl":"","efiAlt":""},"_links":{"self":[{"href":"https:\/\/megaeletronicosjc.com.br\/index.php\/wp-json\/wp\/v2\/posts\/51251"}],"collection":[{"href":"https:\/\/megaeletronicosjc.com.br\/index.php\/wp-json\/wp\/v2\/posts"}],"about":[{"href":"https:\/\/megaeletronicosjc.com.br\/index.php\/wp-json\/wp\/v2\/types\/post"}],"replies":[{"embeddable":true,"href":"https:\/\/megaeletronicosjc.com.br\/index.php\/wp-json\/wp\/v2\/comments?post=51251"}],"version-history":[{"count":0,"href":"https:\/\/megaeletronicosjc.com.br\/index.php\/wp-json\/wp\/v2\/posts\/51251\/revisions"}],"wp:attachment":[{"href":"https:\/\/megaeletronicosjc.com.br\/index.php\/wp-json\/wp\/v2\/media?parent=51251"}],"wp:term":[{"taxonomy":"category","embeddable":true,"href":"https:\/\/megaeletronicosjc.com.br\/index.php\/wp-json\/wp\/v2\/categories?post=51251"},{"taxonomy":"post_tag","embeddable":true,"href":"https:\/\/megaeletronicosjc.com.br\/index.php\/wp-json\/wp\/v2\/tags?post=51251"}],"curies":[{"name":"wp","href":"https:\/\/api.w.org\/{rel}","templated":true}]}}