{"id":51249,"date":"2026-04-30T17:30:49","date_gmt":"2026-04-30T20:30:49","guid":{"rendered":"https:\/\/megaeletronicosjc.com.br\/?p=51249"},"modified":"2026-04-30T17:30:49","modified_gmt":"2026-04-30T20:30:49","slug":"leilao-da-anatel-de-700-mhz-e-suspenso-apos-decisao-da-justica","status":"publish","type":"post","link":"https:\/\/megaeletronicosjc.com.br\/index.php\/2026\/04\/30\/leilao-da-anatel-de-700-mhz-e-suspenso-apos-decisao-da-justica\/","title":{"rendered":"Leil\u00e3o da Anatel de 700 MHz \u00e9 suspenso ap\u00f3s decis\u00e3o da Justi\u00e7a"},"content":{"rendered":"<p>A Ag\u00eancia Nacional de Telecomunica\u00e7\u00f5es (Anatel) suspendeu temporariamente o leil\u00e3o de frequ\u00eancias na faixa de 700 MHz ap\u00f3s uma decis\u00e3o da Justi\u00e7a. <img src=\"https:\/\/conteudo.imguol.com.br\/c\/noticias\/db\/2023\/02\/20\/instalacao-de-antena-5g-da-ericsson-na-australia-1676917972224_v2_142x100.jpg\" align=\"left\">  A Ag\u00eancia Nacional de Telecomunica\u00e7\u00f5es (Anatel) suspendeu temporariamente o leil\u00e3o de frequ\u00eancias na faixa de 700 MHz ap\u00f3s uma decis\u00e3o da Justi\u00e7a.<br \/>\n<a href=\"https:\/\/www.uol.com.br\/tilt\/noticias\/redacao\/2026\/04\/30\/justica-suspende-leilao-da-anatel-para-faixa-de-700-mhz.ghtm\" target=\"_blank\" rel=\"noopener noreferrer\">Read More<\/a><\/p>\n","protected":false},"excerpt":{"rendered":"<p>A Ag\u00eancia Nacional de Telecomunica\u00e7\u00f5es (Anatel) suspendeu temporariamente o leil\u00e3o de frequ\u00eancias na faixa de 700 MHz ap\u00f3s uma decis\u00e3o da Justi\u00e7a. A Ag\u00eancia Nacional de Telecomunica\u00e7\u00f5es (Anatel) suspendeu temporariamente o leil\u00e3o de frequ\u00eancias na faixa de 700 MHz ap\u00f3s uma decis\u00e3o da Justi\u00e7a. Read More<\/p>\n","protected":false},"author":0,"featured_media":0,"comment_status":"open","ping_status":"open","sticky":false,"template":"","format":"standard","meta":[],"categories":[74],"tags":[],"nelio_content":{"isAutoShareEnabled":true,"followers":[],"suggestedReferences":[],"includedReferences":[],"efiUrl":"","efiAlt":""},"_links":{"self":[{"href":"https:\/\/megaeletronicosjc.com.br\/index.php\/wp-json\/wp\/v2\/posts\/51249"}],"collection":[{"href":"https:\/\/megaeletronicosjc.com.br\/index.php\/wp-json\/wp\/v2\/posts"}],"about":[{"href":"https:\/\/megaeletronicosjc.com.br\/index.php\/wp-json\/wp\/v2\/types\/post"}],"replies":[{"embeddable":true,"href":"https:\/\/megaeletronicosjc.com.br\/index.php\/wp-json\/wp\/v2\/comments?post=51249"}],"version-history":[{"count":0,"href":"https:\/\/megaeletronicosjc.com.br\/index.php\/wp-json\/wp\/v2\/posts\/51249\/revisions"}],"wp:attachment":[{"href":"https:\/\/megaeletronicosjc.com.br\/index.php\/wp-json\/wp\/v2\/media?parent=51249"}],"wp:term":[{"taxonomy":"category","embeddable":true,"href":"https:\/\/megaeletronicosjc.com.br\/index.php\/wp-json\/wp\/v2\/categories?post=51249"},{"taxonomy":"post_tag","embeddable":true,"href":"https:\/\/megaeletronicosjc.com.br\/index.php\/wp-json\/wp\/v2\/tags?post=51249"}],"curies":[{"name":"wp","href":"https:\/\/api.w.org\/{rel}","templated":true}]}}