{"id":51234,"date":"2026-04-29T20:03:48","date_gmt":"2026-04-29T23:03:48","guid":{"rendered":"https:\/\/megaeletronicosjc.com.br\/?p=51234"},"modified":"2026-04-29T20:03:48","modified_gmt":"2026-04-29T23:03:48","slug":"mais-conexao-e-fim-de-apagao-em-vias-o-que-esperar-do-leilao-da-anatel","status":"publish","type":"post","link":"https:\/\/megaeletronicosjc.com.br\/index.php\/2026\/04\/29\/mais-conexao-e-fim-de-apagao-em-vias-o-que-esperar-do-leilao-da-anatel\/","title":{"rendered":"Mais conex\u00e3o e fim de &#8216;apag\u00e3o&#8217; em vias. O que esperar do leil\u00e3o da Anatel?"},"content":{"rendered":"<p>A Anatel (Ag\u00eancia Nacional das Telecomunica\u00e7\u00f5es) come\u00e7a a abrir amanh\u00e3 as propostas feitas pelas operadoras para o leil\u00e3o de faixas de frequ\u00eancia. Com o certame, a expectativa \u00e9 de melhora consider\u00e1vel na conex\u00e3o de brasileiros, sobretudo em locais remotos. <img src=\"https:\/\/conteudo.imguol.com.br\/c\/noticias\/e5\/2022\/12\/09\/homem-com-celular-com-uma-antena-de-telecomunicacoes-em-segundo-plano-antena-5g-comunicacoes-1670606437285_v2_142x100.jpg\" align=\"left\">  A Anatel (Ag\u00eancia Nacional das Telecomunica\u00e7\u00f5es) come\u00e7a a abrir amanh\u00e3 as propostas feitas pelas operadoras para o leil\u00e3o de faixas de frequ\u00eancia. Com o certame, a expectativa \u00e9 de melhora consider\u00e1vel na conex\u00e3o de brasileiros, sobretudo em locais remotos.<br \/>\n<a href=\"https:\/\/www.uol.com.br\/tilt\/noticias\/redacao\/2026\/04\/29\/leilao-anatel-700-mhz.ghtm\" target=\"_blank\" rel=\"noopener noreferrer\">Read More<\/a><\/p>\n","protected":false},"excerpt":{"rendered":"<p>A Anatel (Ag\u00eancia Nacional das Telecomunica\u00e7\u00f5es) come\u00e7a a abrir amanh\u00e3 as propostas feitas pelas operadoras para o leil\u00e3o de faixas de frequ\u00eancia. Com o certame, a expectativa \u00e9 de melhora consider\u00e1vel na conex\u00e3o de brasileiros, sobretudo em locais remotos. A Anatel (Ag\u00eancia Nacional das Telecomunica\u00e7\u00f5es) come\u00e7a a abrir amanh\u00e3 as propostas feitas pelas operadoras para [&hellip;]<\/p>\n","protected":false},"author":0,"featured_media":0,"comment_status":"open","ping_status":"open","sticky":false,"template":"","format":"standard","meta":[],"categories":[74],"tags":[],"nelio_content":{"isAutoShareEnabled":true,"followers":[],"suggestedReferences":[],"includedReferences":[],"efiUrl":"","efiAlt":""},"_links":{"self":[{"href":"https:\/\/megaeletronicosjc.com.br\/index.php\/wp-json\/wp\/v2\/posts\/51234"}],"collection":[{"href":"https:\/\/megaeletronicosjc.com.br\/index.php\/wp-json\/wp\/v2\/posts"}],"about":[{"href":"https:\/\/megaeletronicosjc.com.br\/index.php\/wp-json\/wp\/v2\/types\/post"}],"replies":[{"embeddable":true,"href":"https:\/\/megaeletronicosjc.com.br\/index.php\/wp-json\/wp\/v2\/comments?post=51234"}],"version-history":[{"count":0,"href":"https:\/\/megaeletronicosjc.com.br\/index.php\/wp-json\/wp\/v2\/posts\/51234\/revisions"}],"wp:attachment":[{"href":"https:\/\/megaeletronicosjc.com.br\/index.php\/wp-json\/wp\/v2\/media?parent=51234"}],"wp:term":[{"taxonomy":"category","embeddable":true,"href":"https:\/\/megaeletronicosjc.com.br\/index.php\/wp-json\/wp\/v2\/categories?post=51234"},{"taxonomy":"post_tag","embeddable":true,"href":"https:\/\/megaeletronicosjc.com.br\/index.php\/wp-json\/wp\/v2\/tags?post=51234"}],"curies":[{"name":"wp","href":"https:\/\/api.w.org\/{rel}","templated":true}]}}