{"id":51231,"date":"2026-04-29T17:54:06","date_gmt":"2026-04-29T20:54:06","guid":{"rendered":"https:\/\/megaeletronicosjc.com.br\/?p=51231"},"modified":"2026-04-29T17:54:06","modified_gmt":"2026-04-29T20:54:06","slug":"governo-contraria-meta-e-mantem-whatsapp-restrito-a-menores-de-14-anos","status":"publish","type":"post","link":"https:\/\/megaeletronicosjc.com.br\/index.php\/2026\/04\/29\/governo-contraria-meta-e-mantem-whatsapp-restrito-a-menores-de-14-anos\/","title":{"rendered":"Governo contraria Meta e mant\u00e9m WhatsApp restrito a menores de 14 anos"},"content":{"rendered":"<p>O Minist\u00e9rio da Justi\u00e7a e Seguran\u00e7a P\u00fablica (MJSP) negou recurso da Meta e manteve a recomenda\u00e7\u00e3o para WhatsApp e Messenger como n\u00e3o recomendados para menores de 14 anos. <img src=\"https:\/\/conteudo.imguol.com.br\/c\/noticias\/b1\/2026\/04\/29\/logotipos-do-facebook-messenger-e-whatsapp-na-tela-de-um-iphone-1777478539995_v2_142x100.jpg\" align=\"left\">  O Minist\u00e9rio da Justi\u00e7a e Seguran\u00e7a P\u00fablica (MJSP) negou recurso da Meta e manteve a recomenda\u00e7\u00e3o para WhatsApp e Messenger como n\u00e3o recomendados para menores de 14 anos.<br \/>\n<a href=\"https:\/\/www.uol.com.br\/tilt\/noticias\/redacao\/2026\/04\/29\/mjsp-decisao-meta-messenger-whatsapp-classificacao.ghtm\" target=\"_blank\" rel=\"noopener noreferrer\">Read More<\/a><\/p>\n","protected":false},"excerpt":{"rendered":"<p>O Minist\u00e9rio da Justi\u00e7a e Seguran\u00e7a P\u00fablica (MJSP) negou recurso da Meta e manteve a recomenda\u00e7\u00e3o para WhatsApp e Messenger como n\u00e3o recomendados para menores de 14 anos. O Minist\u00e9rio da Justi\u00e7a e Seguran\u00e7a P\u00fablica (MJSP) negou recurso da Meta e manteve a recomenda\u00e7\u00e3o para WhatsApp e Messenger como n\u00e3o recomendados para menores de 14 [&hellip;]<\/p>\n","protected":false},"author":0,"featured_media":0,"comment_status":"open","ping_status":"open","sticky":false,"template":"","format":"standard","meta":[],"categories":[74],"tags":[],"nelio_content":{"isAutoShareEnabled":true,"followers":[],"suggestedReferences":[],"includedReferences":[],"efiUrl":"","efiAlt":""},"_links":{"self":[{"href":"https:\/\/megaeletronicosjc.com.br\/index.php\/wp-json\/wp\/v2\/posts\/51231"}],"collection":[{"href":"https:\/\/megaeletronicosjc.com.br\/index.php\/wp-json\/wp\/v2\/posts"}],"about":[{"href":"https:\/\/megaeletronicosjc.com.br\/index.php\/wp-json\/wp\/v2\/types\/post"}],"replies":[{"embeddable":true,"href":"https:\/\/megaeletronicosjc.com.br\/index.php\/wp-json\/wp\/v2\/comments?post=51231"}],"version-history":[{"count":0,"href":"https:\/\/megaeletronicosjc.com.br\/index.php\/wp-json\/wp\/v2\/posts\/51231\/revisions"}],"wp:attachment":[{"href":"https:\/\/megaeletronicosjc.com.br\/index.php\/wp-json\/wp\/v2\/media?parent=51231"}],"wp:term":[{"taxonomy":"category","embeddable":true,"href":"https:\/\/megaeletronicosjc.com.br\/index.php\/wp-json\/wp\/v2\/categories?post=51231"},{"taxonomy":"post_tag","embeddable":true,"href":"https:\/\/megaeletronicosjc.com.br\/index.php\/wp-json\/wp\/v2\/tags?post=51231"}],"curies":[{"name":"wp","href":"https:\/\/api.w.org\/{rel}","templated":true}]}}