{"id":51226,"date":"2026-04-29T13:24:15","date_gmt":"2026-04-29T16:24:15","guid":{"rendered":"https:\/\/megaeletronicosjc.com.br\/?p=51226"},"modified":"2026-04-29T13:24:15","modified_gmt":"2026-04-29T16:24:15","slug":"ue-acusa-meta-de-permitir-acesso-de-menores-de-13-ao-facebook-e-instagram","status":"publish","type":"post","link":"https:\/\/megaeletronicosjc.com.br\/index.php\/2026\/04\/29\/ue-acusa-meta-de-permitir-acesso-de-menores-de-13-ao-facebook-e-instagram\/","title":{"rendered":"UE acusa Meta de permitir acesso de menores de 13 ao Facebook e Instagram"},"content":{"rendered":"<p>A Uni\u00e3o Europeia acusou, nesta quarta-feira (29), o grupo americano Meta de infringir as regras comunit\u00e1rias e as suas pr\u00f3prias condi\u00e7\u00f5es ao permitir o acesso de menores de 13 anos ao Instagram e ao Facebook. <img src=\"https:\/\/conteudo.imguol.com.br\/c\/noticias\/dd\/2025\/05\/28\/sede-da-meta-em-menlo-park-na-california-eua-1748439069429_v2_142x100.jpg\" align=\"left\">  A Uni\u00e3o Europeia acusou, nesta quarta-feira (29), o grupo americano Meta de infringir as regras comunit\u00e1rias e as suas pr\u00f3prias condi\u00e7\u00f5es ao permitir o acesso de menores de 13 anos ao Instagram e ao Facebook.<br \/>\n<a href=\"https:\/\/www.uol.com.br\/tilt\/noticias\/afp\/2026\/04\/29\/ue-acusa-meta-de-permitir-acesso-de-menores-de-13-ao-facebook-e-instagram.htm\" target=\"_blank\" rel=\"noopener noreferrer\">Read More<\/a><\/p>\n","protected":false},"excerpt":{"rendered":"<p>A Uni\u00e3o Europeia acusou, nesta quarta-feira (29), o grupo americano Meta de infringir as regras comunit\u00e1rias e as suas pr\u00f3prias condi\u00e7\u00f5es ao permitir o acesso de menores de 13 anos ao Instagram e ao Facebook. A Uni\u00e3o Europeia acusou, nesta quarta-feira (29), o grupo americano Meta de infringir as regras comunit\u00e1rias e as suas pr\u00f3prias [&hellip;]<\/p>\n","protected":false},"author":0,"featured_media":0,"comment_status":"open","ping_status":"open","sticky":false,"template":"","format":"standard","meta":[],"categories":[74],"tags":[],"nelio_content":{"isAutoShareEnabled":true,"followers":[],"suggestedReferences":[],"includedReferences":[],"efiUrl":"","efiAlt":""},"_links":{"self":[{"href":"https:\/\/megaeletronicosjc.com.br\/index.php\/wp-json\/wp\/v2\/posts\/51226"}],"collection":[{"href":"https:\/\/megaeletronicosjc.com.br\/index.php\/wp-json\/wp\/v2\/posts"}],"about":[{"href":"https:\/\/megaeletronicosjc.com.br\/index.php\/wp-json\/wp\/v2\/types\/post"}],"replies":[{"embeddable":true,"href":"https:\/\/megaeletronicosjc.com.br\/index.php\/wp-json\/wp\/v2\/comments?post=51226"}],"version-history":[{"count":0,"href":"https:\/\/megaeletronicosjc.com.br\/index.php\/wp-json\/wp\/v2\/posts\/51226\/revisions"}],"wp:attachment":[{"href":"https:\/\/megaeletronicosjc.com.br\/index.php\/wp-json\/wp\/v2\/media?parent=51226"}],"wp:term":[{"taxonomy":"category","embeddable":true,"href":"https:\/\/megaeletronicosjc.com.br\/index.php\/wp-json\/wp\/v2\/categories?post=51226"},{"taxonomy":"post_tag","embeddable":true,"href":"https:\/\/megaeletronicosjc.com.br\/index.php\/wp-json\/wp\/v2\/tags?post=51226"}],"curies":[{"name":"wp","href":"https:\/\/api.w.org\/{rel}","templated":true}]}}