{"id":51214,"date":"2026-04-28T14:05:43","date_gmt":"2026-04-28T17:05:43","guid":{"rendered":"https:\/\/megaeletronicosjc.com.br\/?p=51214"},"modified":"2026-04-28T14:05:43","modified_gmt":"2026-04-28T17:05:43","slug":"spotify-preve-lucro-abaixo-das-estimativas-com-desaceleracao-do-crescimento-na-america-do-norte-e-na-europa","status":"publish","type":"post","link":"https:\/\/megaeletronicosjc.com.br\/index.php\/2026\/04\/28\/spotify-preve-lucro-abaixo-das-estimativas-com-desaceleracao-do-crescimento-na-america-do-norte-e-na-europa\/","title":{"rendered":"Spotify prev\u00ea lucro abaixo das estimativas com desacelera\u00e7\u00e3o do crescimento na Am\u00e9rica do Norte e na Europa"},"content":{"rendered":"<p>28 Abr (Reuters) &#8211; O Spotify  previu lucro para o segundo trimestre e assinantes premium abaixo das estimativas nesta ter\u00e7a-feira, um sinal de desacelera\u00e7\u00e3o do ?crescimento nos principais mercados da gigante sueca ?de streaming na Europa e na Am\u00e9rica do Norte, fazendo com que suas a\u00e7\u00f5es ca\u00edssem 12% nas negocia\u00e7\u00f5es pr\u00e9-mercado. 28 Abr (Reuters) &#8211; O Spotify  previu lucro para o segundo trimestre e assinantes premium abaixo das estimativas nesta ter\u00e7a-feira, um sinal de desacelera\u00e7\u00e3o do ?crescimento nos principais mercados da gigante sueca ?de streaming na Europa e na Am\u00e9rica do Norte, fazendo com que suas a\u00e7\u00f5es ca\u00edssem 12% nas negocia\u00e7\u00f5es pr\u00e9-mercado.<br \/>\n<a href=\"https:\/\/www.uol.com.br\/tilt\/noticias\/reuters\/2026\/04\/28\/spotify-preve-lucro-abaixo-das-estimativas-com-desaceleracao-do-crescimento-na-america-do-norte-e-na-europa.htm\" target=\"_blank\" rel=\"noopener noreferrer\">Read More<\/a><\/p>\n","protected":false},"excerpt":{"rendered":"<p>28 Abr (Reuters) &#8211; O Spotify previu lucro para o segundo trimestre e assinantes premium abaixo das estimativas nesta ter\u00e7a-feira, um sinal de desacelera\u00e7\u00e3o do ?crescimento nos principais mercados da gigante sueca ?de streaming na Europa e na Am\u00e9rica do Norte, fazendo com que suas a\u00e7\u00f5es ca\u00edssem 12% nas negocia\u00e7\u00f5es pr\u00e9-mercado. 28 Abr (Reuters) &#8211; [&hellip;]<\/p>\n","protected":false},"author":0,"featured_media":0,"comment_status":"open","ping_status":"open","sticky":false,"template":"","format":"standard","meta":[],"categories":[74],"tags":[],"nelio_content":{"isAutoShareEnabled":true,"followers":[],"suggestedReferences":[],"includedReferences":[],"efiUrl":"","efiAlt":""},"_links":{"self":[{"href":"https:\/\/megaeletronicosjc.com.br\/index.php\/wp-json\/wp\/v2\/posts\/51214"}],"collection":[{"href":"https:\/\/megaeletronicosjc.com.br\/index.php\/wp-json\/wp\/v2\/posts"}],"about":[{"href":"https:\/\/megaeletronicosjc.com.br\/index.php\/wp-json\/wp\/v2\/types\/post"}],"replies":[{"embeddable":true,"href":"https:\/\/megaeletronicosjc.com.br\/index.php\/wp-json\/wp\/v2\/comments?post=51214"}],"version-history":[{"count":0,"href":"https:\/\/megaeletronicosjc.com.br\/index.php\/wp-json\/wp\/v2\/posts\/51214\/revisions"}],"wp:attachment":[{"href":"https:\/\/megaeletronicosjc.com.br\/index.php\/wp-json\/wp\/v2\/media?parent=51214"}],"wp:term":[{"taxonomy":"category","embeddable":true,"href":"https:\/\/megaeletronicosjc.com.br\/index.php\/wp-json\/wp\/v2\/categories?post=51214"},{"taxonomy":"post_tag","embeddable":true,"href":"https:\/\/megaeletronicosjc.com.br\/index.php\/wp-json\/wp\/v2\/tags?post=51214"}],"curies":[{"name":"wp","href":"https:\/\/api.w.org\/{rel}","templated":true}]}}