{"id":51211,"date":"2026-04-28T12:59:24","date_gmt":"2026-04-28T15:59:24","guid":{"rendered":"https:\/\/megaeletronicosjc.com.br\/?p=51211"},"modified":"2026-04-28T12:59:24","modified_gmt":"2026-04-28T15:59:24","slug":"funcionarios-do-google-pedem-que-direcao-barre-uso-de-ia-para-fins-militares","status":"publish","type":"post","link":"https:\/\/megaeletronicosjc.com.br\/index.php\/2026\/04\/28\/funcionarios-do-google-pedem-que-direcao-barre-uso-de-ia-para-fins-militares\/","title":{"rendered":"Funcion\u00e1rios do Google pedem que dire\u00e7\u00e3o barre uso de IA para fins militares"},"content":{"rendered":"<p>Mais de 500 funcion\u00e1rios do Google assinaram nesta segunda-feira, 27, uma carta aberta ao CEO, Sundar Pichai, pedindo que ele se recuse a permitir que o governo dos Estados Unidos use a tecnologia de intelig\u00eancia artificial (IA) da empresa em opera\u00e7\u00f5es militares sigilosas. <img src=\"https:\/\/conteudo.imguol.com.br\/c\/noticias\/44\/2025\/06\/13\/pessoa-tira-foto-em-frente-ao-logotipo-do-google-cloud-o-servico-da-nuvem-da-empresa-1749814079668_v2_142x100.jpg\" align=\"left\">  Mais de 500 funcion\u00e1rios do Google assinaram nesta segunda-feira, 27, uma carta aberta ao CEO, Sundar Pichai, pedindo que ele se recuse a permitir que o governo dos Estados Unidos use a tecnologia de intelig\u00eancia artificial (IA) da empresa em opera\u00e7\u00f5es militares sigilosas.<br \/>\n<a href=\"https:\/\/www.uol.com.br\/tilt\/ultimas-noticias\/estado\/2026\/04\/28\/funcionarios-do-google-pedem-que-direcao-barre-uso-de-ia-para-fins-militares.htm\" target=\"_blank\" rel=\"noopener noreferrer\">Read More<\/a><\/p>\n","protected":false},"excerpt":{"rendered":"<p>Mais de 500 funcion\u00e1rios do Google assinaram nesta segunda-feira, 27, uma carta aberta ao CEO, Sundar Pichai, pedindo que ele se recuse a permitir que o governo dos Estados Unidos use a tecnologia de intelig\u00eancia artificial (IA) da empresa em opera\u00e7\u00f5es militares sigilosas. Mais de 500 funcion\u00e1rios do Google assinaram nesta segunda-feira, 27, uma carta [&hellip;]<\/p>\n","protected":false},"author":0,"featured_media":0,"comment_status":"open","ping_status":"open","sticky":false,"template":"","format":"standard","meta":[],"categories":[74],"tags":[],"nelio_content":{"isAutoShareEnabled":true,"followers":[],"suggestedReferences":[],"includedReferences":[],"efiUrl":"","efiAlt":""},"_links":{"self":[{"href":"https:\/\/megaeletronicosjc.com.br\/index.php\/wp-json\/wp\/v2\/posts\/51211"}],"collection":[{"href":"https:\/\/megaeletronicosjc.com.br\/index.php\/wp-json\/wp\/v2\/posts"}],"about":[{"href":"https:\/\/megaeletronicosjc.com.br\/index.php\/wp-json\/wp\/v2\/types\/post"}],"replies":[{"embeddable":true,"href":"https:\/\/megaeletronicosjc.com.br\/index.php\/wp-json\/wp\/v2\/comments?post=51211"}],"version-history":[{"count":0,"href":"https:\/\/megaeletronicosjc.com.br\/index.php\/wp-json\/wp\/v2\/posts\/51211\/revisions"}],"wp:attachment":[{"href":"https:\/\/megaeletronicosjc.com.br\/index.php\/wp-json\/wp\/v2\/media?parent=51211"}],"wp:term":[{"taxonomy":"category","embeddable":true,"href":"https:\/\/megaeletronicosjc.com.br\/index.php\/wp-json\/wp\/v2\/categories?post=51211"},{"taxonomy":"post_tag","embeddable":true,"href":"https:\/\/megaeletronicosjc.com.br\/index.php\/wp-json\/wp\/v2\/tags?post=51211"}],"curies":[{"name":"wp","href":"https:\/\/api.w.org\/{rel}","templated":true}]}}