{"id":51185,"date":"2026-04-25T16:04:06","date_gmt":"2026-04-25T19:04:06","guid":{"rendered":"https:\/\/megaeletronicosjc.com.br\/?p=51185"},"modified":"2026-04-25T16:04:06","modified_gmt":"2026-04-25T19:04:06","slug":"noruega-planeja-proibir-uso-de-midias-sociais-por-menores-de-16-anos","status":"publish","type":"post","link":"https:\/\/megaeletronicosjc.com.br\/index.php\/2026\/04\/25\/noruega-planeja-proibir-uso-de-midias-sociais-por-menores-de-16-anos\/","title":{"rendered":"Noruega planeja proibir uso de m\u00eddias sociais por menores de 16 anos"},"content":{"rendered":"<p>A Noruega disse nesta sexta-feira que apresentar\u00e1 um projeto de lei no Parlamento at\u00e9 o final do ano para proibir as crian\u00e7as de usarem as m\u00eddias sociais at\u00e9 completarem 16 anos, tornando as empresas de tecnologia respons\u00e1veis pela tarefa de verifica\u00e7\u00e3o da idade. <img src=\"https:\/\/conteudo.imguol.com.br\/c\/noticias\/80\/2026\/04\/09\/adolescente-navega-no-tablet-ipad-da-apple-1775751132676_v2_142x100.jpg\" align=\"left\">  A Noruega disse nesta sexta-feira que apresentar\u00e1 um projeto de lei no Parlamento at\u00e9 o final do ano para proibir as crian\u00e7as de usarem as m\u00eddias sociais at\u00e9 completarem 16 anos, tornando as empresas de tecnologia respons\u00e1veis pela tarefa de verifica\u00e7\u00e3o da idade.<br \/>\n<a href=\"https:\/\/www.uol.com.br\/tilt\/noticias\/reuters\/2026\/04\/25\/noruega-planeja-proibir-uso-de-midias-sociais-por-menores-de-16-anos.htm\" target=\"_blank\" rel=\"noopener noreferrer\">Read More<\/a><\/p>\n","protected":false},"excerpt":{"rendered":"<p>A Noruega disse nesta sexta-feira que apresentar\u00e1 um projeto de lei no Parlamento at\u00e9 o final do ano para proibir as crian\u00e7as de usarem as m\u00eddias sociais at\u00e9 completarem 16 anos, tornando as empresas de tecnologia respons\u00e1veis pela tarefa de verifica\u00e7\u00e3o da idade. A Noruega disse nesta sexta-feira que apresentar\u00e1 um projeto de lei no [&hellip;]<\/p>\n","protected":false},"author":0,"featured_media":0,"comment_status":"open","ping_status":"open","sticky":false,"template":"","format":"standard","meta":[],"categories":[74],"tags":[],"nelio_content":{"isAutoShareEnabled":true,"followers":[],"suggestedReferences":[],"includedReferences":[],"efiUrl":"","efiAlt":""},"_links":{"self":[{"href":"https:\/\/megaeletronicosjc.com.br\/index.php\/wp-json\/wp\/v2\/posts\/51185"}],"collection":[{"href":"https:\/\/megaeletronicosjc.com.br\/index.php\/wp-json\/wp\/v2\/posts"}],"about":[{"href":"https:\/\/megaeletronicosjc.com.br\/index.php\/wp-json\/wp\/v2\/types\/post"}],"replies":[{"embeddable":true,"href":"https:\/\/megaeletronicosjc.com.br\/index.php\/wp-json\/wp\/v2\/comments?post=51185"}],"version-history":[{"count":0,"href":"https:\/\/megaeletronicosjc.com.br\/index.php\/wp-json\/wp\/v2\/posts\/51185\/revisions"}],"wp:attachment":[{"href":"https:\/\/megaeletronicosjc.com.br\/index.php\/wp-json\/wp\/v2\/media?parent=51185"}],"wp:term":[{"taxonomy":"category","embeddable":true,"href":"https:\/\/megaeletronicosjc.com.br\/index.php\/wp-json\/wp\/v2\/categories?post=51185"},{"taxonomy":"post_tag","embeddable":true,"href":"https:\/\/megaeletronicosjc.com.br\/index.php\/wp-json\/wp\/v2\/tags?post=51185"}],"curies":[{"name":"wp","href":"https:\/\/api.w.org\/{rel}","templated":true}]}}